{"id":42882,"date":"2025-11-23T14:03:54","date_gmt":"2025-11-23T11:03:54","guid":{"rendered":"https:\/\/www.yokak.gov.tr\/?p=42882"},"modified":"2025-11-25T15:10:59","modified_gmt":"2025-11-25T12:10:59","slug":"theqc-delegations-attendance-at-the-2025-european-quality-assurance-forum","status":"publish","type":"post","link":"https:\/\/www.yokak.gov.tr\/en\/2025\/11\/23\/theqc-delegations-attendance-at-the-2025-european-quality-assurance-forum\/","title":{"rendered":"THEQC Delegation&#8217;s Attendance at the 2025 European Quality Assurance Forum"},"content":{"rendered":"\t\t<div data-elementor-type=\"wp-post\" data-elementor-id=\"42882\" class=\"elementor elementor-42882 elementor-42844\" data-elementor-post-type=\"post\">\n\t\t\t\t<div class=\"elementor-element elementor-element-712f0b0b e-flex e-con-boxed e-con e-parent\" data-id=\"712f0b0b\" data-element_type=\"container\" data-e-type=\"container\">\n\t\t\t\t\t<div class=\"e-con-inner\">\n\t\t\t\t<div class=\"elementor-element elementor-element-6e9a8546 thim-ekits-heading-text-left elementor-widget thim-ekits-heading elementor-widget-thim-heading\" data-id=\"6e9a8546\" data-element_type=\"widget\" data-e-type=\"widget\" data-widget_type=\"thim-heading.default\">\n\t\t\t\t<div class=\"elementor-widget-container\">\n\t\t\t\t\t<div class=\"sc_heading text-left\"><h3 class=\"title\">THEQC Delegation's Attendance at the 2025 European Quality Assurance Forum <\/h3><span class=\"line\"><\/span><\/div>\t\t\t\t<\/div>\n\t\t\t\t<\/div>\n\t\t\t\t\t<\/div>\n\t\t\t\t<\/div>\n\t\t<div class=\"elementor-element elementor-element-327bdba8 e-flex e-con-boxed e-con e-parent\" data-id=\"327bdba8\" data-element_type=\"container\" data-e-type=\"container\">\n\t\t\t\t\t<div class=\"e-con-inner\">\n\t\t\t\t<div class=\"elementor-element elementor-element-5f08e936 elementor-widget elementor-widget-text-editor\" data-id=\"5f08e936\" data-element_type=\"widget\" data-e-type=\"widget\" data-widget_type=\"text-editor.default\">\n\t\t\t\t<div class=\"elementor-widget-container\">\n\t\t\t\t\t\t\t\t\t<p>Prof. \u00dcmit Kocab\u0131\u00e7ak, President of the Turkish Higher Education Quality Council (THEQC), participated in the European Quality Assurance Forum (EQAF-2025) held in Budapest, Hungary, between November 12-14, 2025. This year, the Forum focused on how quality assurance in higher education can be sustained through agility and resilience in times of crisis.<\/p><p>EQAF, one of the most important annual platforms of the European Higher Education Area, aimed to bring together universities, quality assurance agencies, students, researchers and policy makers to discuss emerging trends and strengthen cooperation in quality assurance this year under the theme &#8220;QA in times of crises \u2013 Ensuring stability, autonomy and international cooperation in higher education&#8221;.<\/p><p>President Kocab\u0131\u00e7ak, together with Dr M. Ay\u015feg\u00fcl Kozak \u00c7ak\u0131r, THEQC Expert, led the workshop on &#8220;Quality Assurance Under Pressure: Designing Agile Systems for Uncertain Times&#8221;.<\/p><p>Eren \u00c7anga and Nuref\u015fan Acar, former members of THEQC Students Commission, also participated in the forum with a joint paper titled &#8220;Complex Dynamics of Student Integration into Quality Assurance: Innovative Insights from Senior Management in Turkish Higher Education&#8221;.<\/p>\t\t\t\t\t\t\t\t<\/div>\n\t\t\t\t<\/div>\n\t\t\t\t\t<\/div>\n\t\t\t\t<\/div>\n\t\t<div class=\"elementor-element elementor-element-d62662b e-flex e-con-boxed e-con e-parent\" data-id=\"d62662b\" data-element_type=\"container\" data-e-type=\"container\">\n\t\t\t\t\t<div class=\"e-con-inner\">\n\t\t\t\t<div class=\"elementor-element elementor-element-cb38fc7 gallery-spacing-custom elementor-widget elementor-widget-image-gallery\" data-id=\"cb38fc7\" data-element_type=\"widget\" data-e-type=\"widget\" data-widget_type=\"image-gallery.default\">\n\t\t\t\t<div class=\"elementor-widget-container\">\n\t\t\t\t\t\t\t<div class=\"elementor-image-gallery\">\n\t\t\t<div id='gallery-1' class='gallery galleryid-42882 gallery-columns-4 gallery-size-medium'><figure class='gallery-item'>\n\t\t\t<div class='gallery-icon landscape'>\n\t\t\t\t<a data-elementor-open-lightbox=\"yes\" data-elementor-lightbox-slideshow=\"cb38fc7\" data-elementor-lightbox-title=\"EQAF 2025 (2)\" data-e-action-hash=\"#elementor-action%3Aaction%3Dlightbox%26settings%3DeyJpZCI6NDI4NDcsInVybCI6Imh0dHBzOlwvXC93d3cueW9rYWsuZ292LnRyXC93cC1jb250ZW50XC91cGxvYWRzXC8yMDI1XC8xMVwvRVFBRi0yMDI1LTIuanBlZyIsInNsaWRlc2hvdyI6ImNiMzhmYzcifQ%3D%3D\" href='https:\/\/www.yokak.gov.tr\/wp-content\/uploads\/2025\/11\/EQAF-2025-2.jpeg'><img fetchpriority=\"high\" decoding=\"async\" width=\"300\" height=\"225\" src=\"https:\/\/www.yokak.gov.tr\/wp-content\/uploads\/2025\/11\/EQAF-2025-2-300x225.jpeg\" class=\"attachment-medium size-medium\" alt=\"\" srcset=\"https:\/\/www.yokak.gov.tr\/wp-content\/uploads\/2025\/11\/EQAF-2025-2-300x225.jpeg 300w, https:\/\/www.yokak.gov.tr\/wp-content\/uploads\/2025\/11\/EQAF-2025-2-1024x768.jpeg 1024w, https:\/\/www.yokak.gov.tr\/wp-content\/uploads\/2025\/11\/EQAF-2025-2-768x576.jpeg 768w, https:\/\/www.yokak.gov.tr\/wp-content\/uploads\/2025\/11\/EQAF-2025-2-1536x1152.jpeg 1536w, https:\/\/www.yokak.gov.tr\/wp-content\/uploads\/2025\/11\/EQAF-2025-2.jpeg 1600w\" sizes=\"(max-width: 300px) 100vw, 300px\" \/><\/a>\n\t\t\t<\/div><\/figure><figure class='gallery-item'>\n\t\t\t<div class='gallery-icon landscape'>\n\t\t\t\t<a data-elementor-open-lightbox=\"yes\" data-elementor-lightbox-slideshow=\"cb38fc7\" data-elementor-lightbox-title=\"EQAF 2025 (3)\" data-e-action-hash=\"#elementor-action%3Aaction%3Dlightbox%26settings%3DeyJpZCI6NDI4NDksInVybCI6Imh0dHBzOlwvXC93d3cueW9rYWsuZ292LnRyXC93cC1jb250ZW50XC91cGxvYWRzXC8yMDI1XC8xMVwvRVFBRi0yMDI1LTMuanBlZyIsInNsaWRlc2hvdyI6ImNiMzhmYzcifQ%3D%3D\" href='https:\/\/www.yokak.gov.tr\/wp-content\/uploads\/2025\/11\/EQAF-2025-3.jpeg'><img decoding=\"async\" width=\"300\" height=\"225\" src=\"https:\/\/www.yokak.gov.tr\/wp-content\/uploads\/2025\/11\/EQAF-2025-3-300x225.jpeg\" class=\"attachment-medium size-medium\" alt=\"\" srcset=\"https:\/\/www.yokak.gov.tr\/wp-content\/uploads\/2025\/11\/EQAF-2025-3-300x225.jpeg 300w, https:\/\/www.yokak.gov.tr\/wp-content\/uploads\/2025\/11\/EQAF-2025-3-1024x768.jpeg 1024w, https:\/\/www.yokak.gov.tr\/wp-content\/uploads\/2025\/11\/EQAF-2025-3-768x576.jpeg 768w, https:\/\/www.yokak.gov.tr\/wp-content\/uploads\/2025\/11\/EQAF-2025-3-1536x1152.jpeg 1536w, https:\/\/www.yokak.gov.tr\/wp-content\/uploads\/2025\/11\/EQAF-2025-3.jpeg 1600w\" sizes=\"(max-width: 300px) 100vw, 300px\" \/><\/a>\n\t\t\t<\/div><\/figure><figure class='gallery-item'>\n\t\t\t<div class='gallery-icon landscape'>\n\t\t\t\t<a data-elementor-open-lightbox=\"yes\" data-elementor-lightbox-slideshow=\"cb38fc7\" data-elementor-lightbox-title=\"EQAF 2025 (4)\" data-e-action-hash=\"#elementor-action%3Aaction%3Dlightbox%26settings%3DeyJpZCI6NDI4NTEsInVybCI6Imh0dHBzOlwvXC93d3cueW9rYWsuZ292LnRyXC93cC1jb250ZW50XC91cGxvYWRzXC8yMDI1XC8xMVwvRVFBRi0yMDI1LTQuanBlZyIsInNsaWRlc2hvdyI6ImNiMzhmYzcifQ%3D%3D\" href='https:\/\/www.yokak.gov.tr\/wp-content\/uploads\/2025\/11\/EQAF-2025-4.jpeg'><img decoding=\"async\" width=\"300\" height=\"225\" src=\"https:\/\/www.yokak.gov.tr\/wp-content\/uploads\/2025\/11\/EQAF-2025-4-300x225.jpeg\" class=\"attachment-medium size-medium\" alt=\"\" srcset=\"https:\/\/www.yokak.gov.tr\/wp-content\/uploads\/2025\/11\/EQAF-2025-4-300x225.jpeg 300w, https:\/\/www.yokak.gov.tr\/wp-content\/uploads\/2025\/11\/EQAF-2025-4-1024x768.jpeg 1024w, https:\/\/www.yokak.gov.tr\/wp-content\/uploads\/2025\/11\/EQAF-2025-4-768x576.jpeg 768w, https:\/\/www.yokak.gov.tr\/wp-content\/uploads\/2025\/11\/EQAF-2025-4-1536x1152.jpeg 1536w, https:\/\/www.yokak.gov.tr\/wp-content\/uploads\/2025\/11\/EQAF-2025-4.jpeg 2048w\" sizes=\"(max-width: 300px) 100vw, 300px\" \/><\/a>\n\t\t\t<\/div><\/figure><figure class='gallery-item'>\n\t\t\t<div class='gallery-icon landscape'>\n\t\t\t\t<a data-elementor-open-lightbox=\"yes\" data-elementor-lightbox-slideshow=\"cb38fc7\" data-elementor-lightbox-title=\"EQAF 2025 (5)\" data-e-action-hash=\"#elementor-action%3Aaction%3Dlightbox%26settings%3DeyJpZCI6NDI4NTMsInVybCI6Imh0dHBzOlwvXC93d3cueW9rYWsuZ292LnRyXC93cC1jb250ZW50XC91cGxvYWRzXC8yMDI1XC8xMVwvRVFBRi0yMDI1LTUuanBlZyIsInNsaWRlc2hvdyI6ImNiMzhmYzcifQ%3D%3D\" href='https:\/\/www.yokak.gov.tr\/wp-content\/uploads\/2025\/11\/EQAF-2025-5.jpeg'><img loading=\"lazy\" decoding=\"async\" width=\"300\" height=\"225\" src=\"https:\/\/www.yokak.gov.tr\/wp-content\/uploads\/2025\/11\/EQAF-2025-5-300x225.jpeg\" class=\"attachment-medium size-medium\" alt=\"\" srcset=\"https:\/\/www.yokak.gov.tr\/wp-content\/uploads\/2025\/11\/EQAF-2025-5-300x225.jpeg 300w, https:\/\/www.yokak.gov.tr\/wp-content\/uploads\/2025\/11\/EQAF-2025-5-1024x768.jpeg 1024w, https:\/\/www.yokak.gov.tr\/wp-content\/uploads\/2025\/11\/EQAF-2025-5-768x576.jpeg 768w, https:\/\/www.yokak.gov.tr\/wp-content\/uploads\/2025\/11\/EQAF-2025-5-1536x1152.jpeg 1536w, https:\/\/www.yokak.gov.tr\/wp-content\/uploads\/2025\/11\/EQAF-2025-5.jpeg 1600w\" sizes=\"(max-width: 300px) 100vw, 300px\" \/><\/a>\n\t\t\t<\/div><\/figure>\n\t\t<\/div>\n\t\t<\/div>\n\t\t\t\t\t\t<\/div>\n\t\t\t\t<\/div>\n\t\t\t\t\t<\/div>\n\t\t\t\t<\/div>\n\t\t\t\t<\/div>\n\t\t","protected":false},"excerpt":{"rendered":"<p>THEQC Delegation&#8217;s Attendance at the 2025 European Quality Assurance Forum Prof. \u00dcmit Kocab\u0131\u00e7ak, President of the Turkish Higher Education Quality Council (THEQC), participated in the European Quality Assurance Forum (EQAF-2025) held in Budapest, Hungary, between November 12-14, 2025. This year, &hellip; <\/p>\n","protected":false},"author":8,"featured_media":42858,"comment_status":"closed","ping_status":"closed","sticky":false,"template":"","format":"standard","meta":{"footnotes":""},"categories":[193],"tags":[461,464],"class_list":["post-42882","post","type-post","status-publish","format-standard","has-post-thumbnail","hentry","category-news","tag-eqaf","tag-european-quality-assurance-forum"],"yoast_head":"<!-- This site is optimized with the Yoast SEO plugin v27.0 - https:\/\/yoast.com\/product\/yoast-seo-wordpress\/ -->\n<title>THEQC Delegation&#039;s Attendance at the 2025 European Quality Assurance Forum - Y\u00fcksek\u00f6\u011fretim Kalite Kurulu Ba\u015fkanl\u0131\u011f\u0131<\/title>\n<meta name=\"robots\" content=\"index, follow, max-snippet:-1, max-image-preview:large, max-video-preview:-1\" \/>\n<link rel=\"canonical\" href=\"https:\/\/www.yokak.gov.tr\/en\/2025\/11\/23\/theqc-delegations-attendance-at-the-2025-european-quality-assurance-forum\/\" \/>\n<meta property=\"og:locale\" content=\"en_US\" \/>\n<meta property=\"og:type\" content=\"article\" \/>\n<meta property=\"og:title\" content=\"THEQC Delegation&#039;s Attendance at the 2025 European Quality Assurance Forum - Y\u00fcksek\u00f6\u011fretim Kalite Kurulu Ba\u015fkanl\u0131\u011f\u0131\" \/>\n<meta property=\"og:description\" content=\"THEQC Delegation&#8217;s Attendance at the 2025 European Quality Assurance Forum Prof. \u00dcmit Kocab\u0131\u00e7ak, President of the Turkish Higher Education Quality Council (THEQC), participated in the European Quality Assurance Forum (EQAF-2025) held in Budapest, Hungary, between November 12-14, 2025. This year, &hellip;\" \/>\n<meta property=\"og:url\" content=\"https:\/\/www.yokak.gov.tr\/en\/2025\/11\/23\/theqc-delegations-attendance-at-the-2025-european-quality-assurance-forum\/\" \/>\n<meta property=\"og:site_name\" content=\"Y\u00fcksek\u00f6\u011fretim Kalite Kurulu Ba\u015fkanl\u0131\u011f\u0131\" \/>\n<meta property=\"article:published_time\" content=\"2025-11-23T11:03:54+00:00\" \/>\n<meta property=\"article:modified_time\" content=\"2025-11-25T12:10:59+00:00\" \/>\n<meta property=\"og:image\" content=\"https:\/\/www.yokak.gov.tr\/wp-content\/uploads\/2025\/11\/EQAF-2025-5-1.jpeg\" \/>\n\t<meta property=\"og:image:width\" content=\"1600\" \/>\n\t<meta property=\"og:image:height\" content=\"1067\" \/>\n\t<meta property=\"og:image:type\" content=\"image\/jpeg\" \/>\n<meta name=\"author\" content=\"Semih Top\u00e7u\" \/>\n<meta name=\"twitter:card\" content=\"summary_large_image\" \/>\n<meta name=\"twitter:creator\" content=\"@ykalitekurulu\" \/>\n<meta name=\"twitter:site\" content=\"@ykalitekurulu\" \/>\n<meta name=\"twitter:label1\" content=\"Written by\" \/>\n\t<meta name=\"twitter:data1\" content=\"Semih Top\u00e7u\" \/>\n\t<meta name=\"twitter:label2\" content=\"Est. reading time\" \/>\n\t<meta name=\"twitter:data2\" content=\"2 minutes\" \/>\n<script type=\"application\/ld+json\" class=\"yoast-schema-graph\">{\"@context\":\"https:\/\/schema.org\",\"@graph\":[{\"@type\":\"Article\",\"@id\":\"https:\/\/www.yokak.gov.tr\/en\/2025\/11\/23\/theqc-delegations-attendance-at-the-2025-european-quality-assurance-forum\/#article\",\"isPartOf\":{\"@id\":\"https:\/\/www.yokak.gov.tr\/en\/2025\/11\/23\/theqc-delegations-attendance-at-the-2025-european-quality-assurance-forum\/\"},\"author\":{\"name\":\"Semih Top\u00e7u\",\"@id\":\"https:\/\/www.yokak.gov.tr\/#\/schema\/person\/ff17f6677c14e78b2871fcefaebdaed3\"},\"headline\":\"THEQC Delegation&#8217;s Attendance at the 2025 European Quality Assurance Forum\",\"datePublished\":\"2025-11-23T11:03:54+00:00\",\"dateModified\":\"2025-11-25T12:10:59+00:00\",\"mainEntityOfPage\":{\"@id\":\"https:\/\/www.yokak.gov.tr\/en\/2025\/11\/23\/theqc-delegations-attendance-at-the-2025-european-quality-assurance-forum\/\"},\"wordCount\":193,\"image\":{\"@id\":\"https:\/\/www.yokak.gov.tr\/en\/2025\/11\/23\/theqc-delegations-attendance-at-the-2025-european-quality-assurance-forum\/#primaryimage\"},\"thumbnailUrl\":\"https:\/\/www.yokak.gov.tr\/wp-content\/uploads\/2025\/11\/EQAF-2025-5-1.jpeg\",\"keywords\":[\"EQAF\",\"European Quality Assurance Forum\"],\"articleSection\":[\"News\"],\"inLanguage\":\"en-US\"},{\"@type\":\"WebPage\",\"@id\":\"https:\/\/www.yokak.gov.tr\/en\/2025\/11\/23\/theqc-delegations-attendance-at-the-2025-european-quality-assurance-forum\/\",\"url\":\"https:\/\/www.yokak.gov.tr\/en\/2025\/11\/23\/theqc-delegations-attendance-at-the-2025-european-quality-assurance-forum\/\",\"name\":\"THEQC Delegation's Attendance at the 2025 European Quality Assurance Forum - Y\u00fcksek\u00f6\u011fretim Kalite Kurulu Ba\u015fkanl\u0131\u011f\u0131\",\"isPartOf\":{\"@id\":\"https:\/\/www.yokak.gov.tr\/#website\"},\"primaryImageOfPage\":{\"@id\":\"https:\/\/www.yokak.gov.tr\/en\/2025\/11\/23\/theqc-delegations-attendance-at-the-2025-european-quality-assurance-forum\/#primaryimage\"},\"image\":{\"@id\":\"https:\/\/www.yokak.gov.tr\/en\/2025\/11\/23\/theqc-delegations-attendance-at-the-2025-european-quality-assurance-forum\/#primaryimage\"},\"thumbnailUrl\":\"https:\/\/www.yokak.gov.tr\/wp-content\/uploads\/2025\/11\/EQAF-2025-5-1.jpeg\",\"datePublished\":\"2025-11-23T11:03:54+00:00\",\"dateModified\":\"2025-11-25T12:10:59+00:00\",\"author\":{\"@id\":\"https:\/\/www.yokak.gov.tr\/#\/schema\/person\/ff17f6677c14e78b2871fcefaebdaed3\"},\"breadcrumb\":{\"@id\":\"https:\/\/www.yokak.gov.tr\/en\/2025\/11\/23\/theqc-delegations-attendance-at-the-2025-european-quality-assurance-forum\/#breadcrumb\"},\"inLanguage\":\"en-US\",\"potentialAction\":[{\"@type\":\"ReadAction\",\"target\":[\"https:\/\/www.yokak.gov.tr\/en\/2025\/11\/23\/theqc-delegations-attendance-at-the-2025-european-quality-assurance-forum\/\"]}]},{\"@type\":\"ImageObject\",\"inLanguage\":\"en-US\",\"@id\":\"https:\/\/www.yokak.gov.tr\/en\/2025\/11\/23\/theqc-delegations-attendance-at-the-2025-european-quality-assurance-forum\/#primaryimage\",\"url\":\"https:\/\/www.yokak.gov.tr\/wp-content\/uploads\/2025\/11\/EQAF-2025-5-1.jpeg\",\"contentUrl\":\"https:\/\/www.yokak.gov.tr\/wp-content\/uploads\/2025\/11\/EQAF-2025-5-1.jpeg\",\"width\":1600,\"height\":1067},{\"@type\":\"BreadcrumbList\",\"@id\":\"https:\/\/www.yokak.gov.tr\/en\/2025\/11\/23\/theqc-delegations-attendance-at-the-2025-european-quality-assurance-forum\/#breadcrumb\",\"itemListElement\":[{\"@type\":\"ListItem\",\"position\":1,\"name\":\"Anasayfa\",\"item\":\"https:\/\/www.yokak.gov.tr\/\"},{\"@type\":\"ListItem\",\"position\":2,\"name\":\"THEQC Delegation&#8217;s Attendance at the 2025 European Quality Assurance Forum\"}]},{\"@type\":\"WebSite\",\"@id\":\"https:\/\/www.yokak.gov.tr\/#website\",\"url\":\"https:\/\/www.yokak.gov.tr\/\",\"name\":\"Y\u00d6KAK\",\"description\":\"Y\u00fcksek\u00f6\u011fretim Kalite Kurulu Ba\u015fkanl\u0131\u011f\u0131\",\"potentialAction\":[{\"@type\":\"SearchAction\",\"target\":{\"@type\":\"EntryPoint\",\"urlTemplate\":\"https:\/\/www.yokak.gov.tr\/?s={search_term_string}\"},\"query-input\":{\"@type\":\"PropertyValueSpecification\",\"valueRequired\":true,\"valueName\":\"search_term_string\"}}],\"inLanguage\":\"en-US\"},{\"@type\":\"Person\",\"@id\":\"https:\/\/www.yokak.gov.tr\/#\/schema\/person\/ff17f6677c14e78b2871fcefaebdaed3\",\"name\":\"Semih Top\u00e7u\",\"sameAs\":[\"https:\/\/www.yokak.gov.tr\"],\"url\":\"#\"}]}<\/script>\n<!-- \/ Yoast SEO plugin. -->","yoast_head_json":{"title":"THEQC Delegation's Attendance at the 2025 European Quality Assurance Forum - Y\u00fcksek\u00f6\u011fretim Kalite Kurulu Ba\u015fkanl\u0131\u011f\u0131","robots":{"index":"index","follow":"follow","max-snippet":"max-snippet:-1","max-image-preview":"max-image-preview:large","max-video-preview":"max-video-preview:-1"},"canonical":"https:\/\/www.yokak.gov.tr\/en\/2025\/11\/23\/theqc-delegations-attendance-at-the-2025-european-quality-assurance-forum\/","og_locale":"en_US","og_type":"article","og_title":"THEQC Delegation's Attendance at the 2025 European Quality Assurance Forum - Y\u00fcksek\u00f6\u011fretim Kalite Kurulu Ba\u015fkanl\u0131\u011f\u0131","og_description":"THEQC Delegation&#8217;s Attendance at the 2025 European Quality Assurance Forum Prof. \u00dcmit Kocab\u0131\u00e7ak, President of the Turkish Higher Education Quality Council (THEQC), participated in the European Quality Assurance Forum (EQAF-2025) held in Budapest, Hungary, between November 12-14, 2025. This year, &hellip;","og_url":"https:\/\/www.yokak.gov.tr\/en\/2025\/11\/23\/theqc-delegations-attendance-at-the-2025-european-quality-assurance-forum\/","og_site_name":"Y\u00fcksek\u00f6\u011fretim Kalite Kurulu Ba\u015fkanl\u0131\u011f\u0131","article_published_time":"2025-11-23T11:03:54+00:00","article_modified_time":"2025-11-25T12:10:59+00:00","og_image":[{"width":1600,"height":1067,"url":"https:\/\/www.yokak.gov.tr\/wp-content\/uploads\/2025\/11\/EQAF-2025-5-1.jpeg","type":"image\/jpeg"}],"author":"Semih Top\u00e7u","twitter_card":"summary_large_image","twitter_creator":"@ykalitekurulu","twitter_site":"@ykalitekurulu","twitter_misc":{"Written by":"Semih Top\u00e7u","Est. reading time":"2 minutes"},"schema":{"@context":"https:\/\/schema.org","@graph":[{"@type":"Article","@id":"https:\/\/www.yokak.gov.tr\/en\/2025\/11\/23\/theqc-delegations-attendance-at-the-2025-european-quality-assurance-forum\/#article","isPartOf":{"@id":"https:\/\/www.yokak.gov.tr\/en\/2025\/11\/23\/theqc-delegations-attendance-at-the-2025-european-quality-assurance-forum\/"},"author":{"name":"Semih Top\u00e7u","@id":"https:\/\/www.yokak.gov.tr\/#\/schema\/person\/ff17f6677c14e78b2871fcefaebdaed3"},"headline":"THEQC Delegation&#8217;s Attendance at the 2025 European Quality Assurance Forum","datePublished":"2025-11-23T11:03:54+00:00","dateModified":"2025-11-25T12:10:59+00:00","mainEntityOfPage":{"@id":"https:\/\/www.yokak.gov.tr\/en\/2025\/11\/23\/theqc-delegations-attendance-at-the-2025-european-quality-assurance-forum\/"},"wordCount":193,"image":{"@id":"https:\/\/www.yokak.gov.tr\/en\/2025\/11\/23\/theqc-delegations-attendance-at-the-2025-european-quality-assurance-forum\/#primaryimage"},"thumbnailUrl":"https:\/\/www.yokak.gov.tr\/wp-content\/uploads\/2025\/11\/EQAF-2025-5-1.jpeg","keywords":["EQAF","European Quality Assurance Forum"],"articleSection":["News"],"inLanguage":"en-US"},{"@type":"WebPage","@id":"https:\/\/www.yokak.gov.tr\/en\/2025\/11\/23\/theqc-delegations-attendance-at-the-2025-european-quality-assurance-forum\/","url":"https:\/\/www.yokak.gov.tr\/en\/2025\/11\/23\/theqc-delegations-attendance-at-the-2025-european-quality-assurance-forum\/","name":"THEQC Delegation's Attendance at the 2025 European Quality Assurance Forum - Y\u00fcksek\u00f6\u011fretim Kalite Kurulu Ba\u015fkanl\u0131\u011f\u0131","isPartOf":{"@id":"https:\/\/www.yokak.gov.tr\/#website"},"primaryImageOfPage":{"@id":"https:\/\/www.yokak.gov.tr\/en\/2025\/11\/23\/theqc-delegations-attendance-at-the-2025-european-quality-assurance-forum\/#primaryimage"},"image":{"@id":"https:\/\/www.yokak.gov.tr\/en\/2025\/11\/23\/theqc-delegations-attendance-at-the-2025-european-quality-assurance-forum\/#primaryimage"},"thumbnailUrl":"https:\/\/www.yokak.gov.tr\/wp-content\/uploads\/2025\/11\/EQAF-2025-5-1.jpeg","datePublished":"2025-11-23T11:03:54+00:00","dateModified":"2025-11-25T12:10:59+00:00","author":{"@id":"https:\/\/www.yokak.gov.tr\/#\/schema\/person\/ff17f6677c14e78b2871fcefaebdaed3"},"breadcrumb":{"@id":"https:\/\/www.yokak.gov.tr\/en\/2025\/11\/23\/theqc-delegations-attendance-at-the-2025-european-quality-assurance-forum\/#breadcrumb"},"inLanguage":"en-US","potentialAction":[{"@type":"ReadAction","target":["https:\/\/www.yokak.gov.tr\/en\/2025\/11\/23\/theqc-delegations-attendance-at-the-2025-european-quality-assurance-forum\/"]}]},{"@type":"ImageObject","inLanguage":"en-US","@id":"https:\/\/www.yokak.gov.tr\/en\/2025\/11\/23\/theqc-delegations-attendance-at-the-2025-european-quality-assurance-forum\/#primaryimage","url":"https:\/\/www.yokak.gov.tr\/wp-content\/uploads\/2025\/11\/EQAF-2025-5-1.jpeg","contentUrl":"https:\/\/www.yokak.gov.tr\/wp-content\/uploads\/2025\/11\/EQAF-2025-5-1.jpeg","width":1600,"height":1067},{"@type":"BreadcrumbList","@id":"https:\/\/www.yokak.gov.tr\/en\/2025\/11\/23\/theqc-delegations-attendance-at-the-2025-european-quality-assurance-forum\/#breadcrumb","itemListElement":[{"@type":"ListItem","position":1,"name":"Anasayfa","item":"https:\/\/www.yokak.gov.tr\/"},{"@type":"ListItem","position":2,"name":"THEQC Delegation&#8217;s Attendance at the 2025 European Quality Assurance Forum"}]},{"@type":"WebSite","@id":"https:\/\/www.yokak.gov.tr\/#website","url":"https:\/\/www.yokak.gov.tr\/","name":"Y\u00d6KAK","description":"Y\u00fcksek\u00f6\u011fretim Kalite Kurulu Ba\u015fkanl\u0131\u011f\u0131","potentialAction":[{"@type":"SearchAction","target":{"@type":"EntryPoint","urlTemplate":"https:\/\/www.yokak.gov.tr\/?s={search_term_string}"},"query-input":{"@type":"PropertyValueSpecification","valueRequired":true,"valueName":"search_term_string"}}],"inLanguage":"en-US"},{"@type":"Person","@id":"https:\/\/www.yokak.gov.tr\/#\/schema\/person\/ff17f6677c14e78b2871fcefaebdaed3","name":"Semih Top\u00e7u","sameAs":["https:\/\/www.yokak.gov.tr"],"url":"#"}]}},"_links":{"self":[{"href":"https:\/\/www.yokak.gov.tr\/en\/wp-json\/wp\/v2\/posts\/42882","targetHints":{"allow":["GET"]}}],"collection":[{"href":"https:\/\/www.yokak.gov.tr\/en\/wp-json\/wp\/v2\/posts"}],"about":[{"href":"https:\/\/www.yokak.gov.tr\/en\/wp-json\/wp\/v2\/types\/post"}],"author":[{"embeddable":true,"href":"https:\/\/www.yokak.gov.tr\/en\/wp-json\/wp\/v2\/users\/8"}],"replies":[{"embeddable":true,"href":"https:\/\/www.yokak.gov.tr\/en\/wp-json\/wp\/v2\/comments?post=42882"}],"version-history":[{"count":7,"href":"https:\/\/www.yokak.gov.tr\/en\/wp-json\/wp\/v2\/posts\/42882\/revisions"}],"predecessor-version":[{"id":42889,"href":"https:\/\/www.yokak.gov.tr\/en\/wp-json\/wp\/v2\/posts\/42882\/revisions\/42889"}],"wp:featuredmedia":[{"embeddable":true,"href":"https:\/\/www.yokak.gov.tr\/en\/wp-json\/wp\/v2\/media\/42858"}],"wp:attachment":[{"href":"https:\/\/www.yokak.gov.tr\/en\/wp-json\/wp\/v2\/media?parent=42882"}],"wp:term":[{"taxonomy":"category","embeddable":true,"href":"https:\/\/www.yokak.gov.tr\/en\/wp-json\/wp\/v2\/categories?post=42882"},{"taxonomy":"post_tag","embeddable":true,"href":"https:\/\/www.yokak.gov.tr\/en\/wp-json\/wp\/v2\/tags?post=42882"}],"curies":[{"name":"wp","href":"https:\/\/api.w.org\/{rel}","templated":true}]}}