{"id":42681,"date":"2025-10-30T10:27:55","date_gmt":"2025-10-30T07:27:55","guid":{"rendered":"https:\/\/www.yokak.gov.tr\/?p=42681"},"modified":"2025-10-31T10:54:24","modified_gmt":"2025-10-31T07:54:24","slug":"theqc-represented-at-enqa-general-assembly-marking-its-25th-year","status":"publish","type":"post","link":"https:\/\/www.yokak.gov.tr\/en\/2025\/10\/30\/theqc-represented-at-enqa-general-assembly-marking-its-25th-year\/","title":{"rendered":"THEQC Represented at ENQA General Assembly Marking Its 25th Year"},"content":{"rendered":"\t\t<div data-elementor-type=\"wp-post\" data-elementor-id=\"42681\" class=\"elementor elementor-42681 elementor-42651\" data-elementor-post-type=\"post\">\n\t\t\t\t<div class=\"elementor-element elementor-element-194c2387 e-flex e-con-boxed e-con e-parent\" data-id=\"194c2387\" data-element_type=\"container\" data-e-type=\"container\">\n\t\t\t\t\t<div class=\"e-con-inner\">\n\t\t\t\t<div class=\"elementor-element elementor-element-195362d6 thim-ekits-heading-text-left elementor-widget thim-ekits-heading elementor-widget-thim-heading\" data-id=\"195362d6\" data-element_type=\"widget\" data-e-type=\"widget\" data-widget_type=\"thim-heading.default\">\n\t\t\t\t<div class=\"elementor-widget-container\">\n\t\t\t\t\t<div class=\"sc_heading text-left\"><h3 class=\"title\">THEQC Represented at ENQA General Assembly Marking Its 25th Year <\/h3><span class=\"line\"><\/span><\/div>\t\t\t\t<\/div>\n\t\t\t\t<\/div>\n\t\t\t\t\t<\/div>\n\t\t\t\t<\/div>\n\t\t<div class=\"elementor-element elementor-element-12ae0054 e-flex e-con-boxed e-con e-parent\" data-id=\"12ae0054\" data-element_type=\"container\" data-e-type=\"container\">\n\t\t\t\t\t<div class=\"e-con-inner\">\n\t\t\t\t<div class=\"elementor-element elementor-element-6c93db0 elementor-widget elementor-widget-text-editor\" data-id=\"6c93db0\" data-element_type=\"widget\" data-e-type=\"widget\" data-widget_type=\"text-editor.default\">\n\t\t\t\t<div class=\"elementor-widget-container\">\n\t\t\t\t\t\t\t\t\t<p>Prof. \u00dcmit Kocab\u0131\u00e7ak, President of the Turkish Higher Education Quality Council (THEQC), attended the General Assembly of the European Association for Quality Assurance in Higher Education (ENQA) in Brussels between 22 and 24 October 2025.<\/p><p>At the General Assembly, where the 25th anniversary of ENQA&#8217;s establishment was also celebrated, the ENQA Statute, Rules of Procedure, and ENQA 2026-2030 Strategy documents were presented to members for approval and adopted.<\/p><p>President Kocab\u0131\u00e7ak received THEQC&#8217;s five-year ENQA membership certificate from Douglas Blackstock, ENQA President. At the General Assembly, where three new members were elected, Daniela Cristina Ghi\u021bulic\u0103 was elected as the new ENQA President. President Kocab\u0131\u00e7ak thanked Douglas Blackstock, whose term of office has ended, for his contributions on behalf of THEQC.<\/p><p>The THEQC delegation, including Dr Ay\u015feg\u00fcl Kozak \u00c7ak\u0131r, closely followed the current developments in the field of quality assurance by attending sessions on topics, such as &#8220;ESG in a Global Context&#8221;, &#8220;ENQA&#8217;s Journey and Future Directions&#8221;, &#8220;The Role of Quality Assurance in the European Higher Education Area&#8221;, &#8220;ESG Revision&#8221;, &#8220;Stakeholder Involvement in External Quality Assurance Work&#8221; and &#8220;Use of Artificial Intelligence in the Work of Agencies&#8221;. In addition, the THEQC delegation took part in the &#8220;Thematic Peer Group Seminar on Quality Assurance in Higher Education (BFUG TPG-C)&#8221; as well as several other ENQA member agencies, and shared their experience on how flexible learning pathways and quality assurance issues are evaluated by different countries and agencies. The delegation also contributed to the work on the proposal package to be presented to the Bologna ministers.<\/p>\t\t\t\t\t\t\t\t<\/div>\n\t\t\t\t<\/div>\n\t\t\t\t\t<\/div>\n\t\t\t\t<\/div>\n\t\t<div class=\"elementor-element elementor-element-106fd9a e-flex e-con-boxed e-con e-parent\" data-id=\"106fd9a\" data-element_type=\"container\" data-e-type=\"container\">\n\t\t\t\t\t<div class=\"e-con-inner\">\n\t\t\t\t<div class=\"elementor-element elementor-element-4339512 gallery-spacing-custom elementor-widget elementor-widget-image-gallery\" data-id=\"4339512\" data-element_type=\"widget\" data-e-type=\"widget\" data-widget_type=\"image-gallery.default\">\n\t\t\t\t<div class=\"elementor-widget-container\">\n\t\t\t\t\t\t\t<div class=\"elementor-image-gallery\">\n\t\t\t<div id='gallery-1' class='gallery galleryid-42681 gallery-columns-3 gallery-size-medium'><figure class='gallery-item'>\n\t\t\t<div class='gallery-icon landscape'>\n\t\t\t\t<a data-elementor-open-lightbox=\"yes\" data-elementor-lightbox-slideshow=\"4339512\" data-elementor-lightbox-title=\"Y\u00d6KAK, ENQA 25. Y\u0131l Genel Kurulu\u2019na Kat\u0131ld\u0131 (2)\" data-e-action-hash=\"#elementor-action%3Aaction%3Dlightbox%26settings%3DeyJpZCI6NDI2NTYsInVybCI6Imh0dHBzOlwvXC93d3cueW9rYWsuZ292LnRyXC93cC1jb250ZW50XC91cGxvYWRzXC8yMDI1XC8xMFwvWU9LQUstRU5RQS0yNS4tWWlsLUdlbmVsLUt1cnVsdW5hLUthdGlsZGktMi5qcGVnIiwic2xpZGVzaG93IjoiNDMzOTUxMiJ9\" href='https:\/\/www.yokak.gov.tr\/wp-content\/uploads\/2025\/10\/YOKAK-ENQA-25.-Yil-Genel-Kuruluna-Katildi-2.jpeg'><img fetchpriority=\"high\" decoding=\"async\" width=\"300\" height=\"200\" src=\"https:\/\/www.yokak.gov.tr\/wp-content\/uploads\/2025\/10\/YOKAK-ENQA-25.-Yil-Genel-Kuruluna-Katildi-2-300x200.jpeg\" class=\"attachment-medium size-medium\" alt=\"\" srcset=\"https:\/\/www.yokak.gov.tr\/wp-content\/uploads\/2025\/10\/YOKAK-ENQA-25.-Yil-Genel-Kuruluna-Katildi-2-300x200.jpeg 300w, https:\/\/www.yokak.gov.tr\/wp-content\/uploads\/2025\/10\/YOKAK-ENQA-25.-Yil-Genel-Kuruluna-Katildi-2-1024x683.jpeg 1024w, https:\/\/www.yokak.gov.tr\/wp-content\/uploads\/2025\/10\/YOKAK-ENQA-25.-Yil-Genel-Kuruluna-Katildi-2-768x512.jpeg 768w, https:\/\/www.yokak.gov.tr\/wp-content\/uploads\/2025\/10\/YOKAK-ENQA-25.-Yil-Genel-Kuruluna-Katildi-2-1536x1024.jpeg 1536w, https:\/\/www.yokak.gov.tr\/wp-content\/uploads\/2025\/10\/YOKAK-ENQA-25.-Yil-Genel-Kuruluna-Katildi-2-600x400.jpeg 600w, https:\/\/www.yokak.gov.tr\/wp-content\/uploads\/2025\/10\/YOKAK-ENQA-25.-Yil-Genel-Kuruluna-Katildi-2.jpeg 1920w\" sizes=\"(max-width: 300px) 100vw, 300px\" \/><\/a>\n\t\t\t<\/div><\/figure><figure class='gallery-item'>\n\t\t\t<div class='gallery-icon landscape'>\n\t\t\t\t<a data-elementor-open-lightbox=\"yes\" data-elementor-lightbox-slideshow=\"4339512\" data-elementor-lightbox-title=\"Y\u00d6KAK, ENQA 25. Y\u0131l Genel Kurulu\u2019na Kat\u0131ld\u0131 (1)\" data-e-action-hash=\"#elementor-action%3Aaction%3Dlightbox%26settings%3DeyJpZCI6NDI2NTQsInVybCI6Imh0dHBzOlwvXC93d3cueW9rYWsuZ292LnRyXC93cC1jb250ZW50XC91cGxvYWRzXC8yMDI1XC8xMFwvWU9LQUstRU5RQS0yNS4tWWlsLUdlbmVsLUt1cnVsdW5hLUthdGlsZGktMS5qcGVnIiwic2xpZGVzaG93IjoiNDMzOTUxMiJ9\" href='https:\/\/www.yokak.gov.tr\/wp-content\/uploads\/2025\/10\/YOKAK-ENQA-25.-Yil-Genel-Kuruluna-Katildi-1.jpeg'><img decoding=\"async\" width=\"300\" height=\"225\" src=\"https:\/\/www.yokak.gov.tr\/wp-content\/uploads\/2025\/10\/YOKAK-ENQA-25.-Yil-Genel-Kuruluna-Katildi-1-300x225.jpeg\" class=\"attachment-medium size-medium\" alt=\"\" srcset=\"https:\/\/www.yokak.gov.tr\/wp-content\/uploads\/2025\/10\/YOKAK-ENQA-25.-Yil-Genel-Kuruluna-Katildi-1-300x225.jpeg 300w, https:\/\/www.yokak.gov.tr\/wp-content\/uploads\/2025\/10\/YOKAK-ENQA-25.-Yil-Genel-Kuruluna-Katildi-1-1024x768.jpeg 1024w, https:\/\/www.yokak.gov.tr\/wp-content\/uploads\/2025\/10\/YOKAK-ENQA-25.-Yil-Genel-Kuruluna-Katildi-1-768x576.jpeg 768w, https:\/\/www.yokak.gov.tr\/wp-content\/uploads\/2025\/10\/YOKAK-ENQA-25.-Yil-Genel-Kuruluna-Katildi-1-1536x1152.jpeg 1536w, https:\/\/www.yokak.gov.tr\/wp-content\/uploads\/2025\/10\/YOKAK-ENQA-25.-Yil-Genel-Kuruluna-Katildi-1.jpeg 1920w\" sizes=\"(max-width: 300px) 100vw, 300px\" \/><\/a>\n\t\t\t<\/div><\/figure><figure class='gallery-item'>\n\t\t\t<div class='gallery-icon landscape'>\n\t\t\t\t<a data-elementor-open-lightbox=\"yes\" data-elementor-lightbox-slideshow=\"4339512\" data-elementor-lightbox-title=\"Y\u00d6KAK, ENQA 25. Y\u0131l Genel Kurulu\u2019na Kat\u0131ld\u0131 (3)\" data-e-action-hash=\"#elementor-action%3Aaction%3Dlightbox%26settings%3DeyJpZCI6NDI2NTgsInVybCI6Imh0dHBzOlwvXC93d3cueW9rYWsuZ292LnRyXC93cC1jb250ZW50XC91cGxvYWRzXC8yMDI1XC8xMFwvWU9LQUstRU5RQS0yNS4tWWlsLUdlbmVsLUt1cnVsdW5hLUthdGlsZGktMy5qcGVnIiwic2xpZGVzaG93IjoiNDMzOTUxMiJ9\" href='https:\/\/www.yokak.gov.tr\/wp-content\/uploads\/2025\/10\/YOKAK-ENQA-25.-Yil-Genel-Kuruluna-Katildi-3.jpeg'><img decoding=\"async\" width=\"300\" height=\"225\" src=\"https:\/\/www.yokak.gov.tr\/wp-content\/uploads\/2025\/10\/YOKAK-ENQA-25.-Yil-Genel-Kuruluna-Katildi-3-300x225.jpeg\" class=\"attachment-medium size-medium\" alt=\"\" srcset=\"https:\/\/www.yokak.gov.tr\/wp-content\/uploads\/2025\/10\/YOKAK-ENQA-25.-Yil-Genel-Kuruluna-Katildi-3-300x225.jpeg 300w, https:\/\/www.yokak.gov.tr\/wp-content\/uploads\/2025\/10\/YOKAK-ENQA-25.-Yil-Genel-Kuruluna-Katildi-3-1024x768.jpeg 1024w, https:\/\/www.yokak.gov.tr\/wp-content\/uploads\/2025\/10\/YOKAK-ENQA-25.-Yil-Genel-Kuruluna-Katildi-3-768x576.jpeg 768w, https:\/\/www.yokak.gov.tr\/wp-content\/uploads\/2025\/10\/YOKAK-ENQA-25.-Yil-Genel-Kuruluna-Katildi-3-1536x1152.jpeg 1536w, https:\/\/www.yokak.gov.tr\/wp-content\/uploads\/2025\/10\/YOKAK-ENQA-25.-Yil-Genel-Kuruluna-Katildi-3.jpeg 1920w\" sizes=\"(max-width: 300px) 100vw, 300px\" \/><\/a>\n\t\t\t<\/div><\/figure><figure class='gallery-item'>\n\t\t\t<div class='gallery-icon portrait'>\n\t\t\t\t<a data-elementor-open-lightbox=\"yes\" data-elementor-lightbox-slideshow=\"4339512\" data-elementor-lightbox-title=\"Y\u00d6KAK, ENQA 25. Y\u0131l Genel Kurulu\u2019na Kat\u0131ld\u0131 (4)\" data-e-action-hash=\"#elementor-action%3Aaction%3Dlightbox%26settings%3DeyJpZCI6NDI2NjAsInVybCI6Imh0dHBzOlwvXC93d3cueW9rYWsuZ292LnRyXC93cC1jb250ZW50XC91cGxvYWRzXC8yMDI1XC8xMFwvWU9LQUstRU5RQS0yNS4tWWlsLUdlbmVsLUt1cnVsdW5hLUthdGlsZGktNC5qcGVnIiwic2xpZGVzaG93IjoiNDMzOTUxMiJ9\" href='https:\/\/www.yokak.gov.tr\/wp-content\/uploads\/2025\/10\/YOKAK-ENQA-25.-Yil-Genel-Kuruluna-Katildi-4.jpeg'><img loading=\"lazy\" decoding=\"async\" width=\"225\" height=\"300\" src=\"https:\/\/www.yokak.gov.tr\/wp-content\/uploads\/2025\/10\/YOKAK-ENQA-25.-Yil-Genel-Kuruluna-Katildi-4-225x300.jpeg\" class=\"attachment-medium size-medium\" alt=\"\" srcset=\"https:\/\/www.yokak.gov.tr\/wp-content\/uploads\/2025\/10\/YOKAK-ENQA-25.-Yil-Genel-Kuruluna-Katildi-4-225x300.jpeg 225w, https:\/\/www.yokak.gov.tr\/wp-content\/uploads\/2025\/10\/YOKAK-ENQA-25.-Yil-Genel-Kuruluna-Katildi-4-768x1024.jpeg 768w, https:\/\/www.yokak.gov.tr\/wp-content\/uploads\/2025\/10\/YOKAK-ENQA-25.-Yil-Genel-Kuruluna-Katildi-4-1152x1536.jpeg 1152w, https:\/\/www.yokak.gov.tr\/wp-content\/uploads\/2025\/10\/YOKAK-ENQA-25.-Yil-Genel-Kuruluna-Katildi-4.jpeg 1440w\" sizes=\"(max-width: 225px) 100vw, 225px\" \/><\/a>\n\t\t\t<\/div><\/figure><figure class='gallery-item'>\n\t\t\t<div class='gallery-icon portrait'>\n\t\t\t\t<a data-elementor-open-lightbox=\"yes\" data-elementor-lightbox-slideshow=\"4339512\" data-elementor-lightbox-title=\"Y\u00d6KAK, ENQA 25. Y\u0131l Genel Kurulu\u2019na Kat\u0131ld\u0131 (5)\" data-e-action-hash=\"#elementor-action%3Aaction%3Dlightbox%26settings%3DeyJpZCI6NDI2NjIsInVybCI6Imh0dHBzOlwvXC93d3cueW9rYWsuZ292LnRyXC93cC1jb250ZW50XC91cGxvYWRzXC8yMDI1XC8xMFwvWU9LQUstRU5RQS0yNS4tWWlsLUdlbmVsLUt1cnVsdW5hLUthdGlsZGktNS5qcGVnIiwic2xpZGVzaG93IjoiNDMzOTUxMiJ9\" href='https:\/\/www.yokak.gov.tr\/wp-content\/uploads\/2025\/10\/YOKAK-ENQA-25.-Yil-Genel-Kuruluna-Katildi-5.jpeg'><img loading=\"lazy\" decoding=\"async\" width=\"225\" height=\"300\" src=\"https:\/\/www.yokak.gov.tr\/wp-content\/uploads\/2025\/10\/YOKAK-ENQA-25.-Yil-Genel-Kuruluna-Katildi-5-225x300.jpeg\" class=\"attachment-medium size-medium\" alt=\"\" srcset=\"https:\/\/www.yokak.gov.tr\/wp-content\/uploads\/2025\/10\/YOKAK-ENQA-25.-Yil-Genel-Kuruluna-Katildi-5-225x300.jpeg 225w, https:\/\/www.yokak.gov.tr\/wp-content\/uploads\/2025\/10\/YOKAK-ENQA-25.-Yil-Genel-Kuruluna-Katildi-5-768x1024.jpeg 768w, https:\/\/www.yokak.gov.tr\/wp-content\/uploads\/2025\/10\/YOKAK-ENQA-25.-Yil-Genel-Kuruluna-Katildi-5-1152x1536.jpeg 1152w, https:\/\/www.yokak.gov.tr\/wp-content\/uploads\/2025\/10\/YOKAK-ENQA-25.-Yil-Genel-Kuruluna-Katildi-5.jpeg 1440w\" sizes=\"(max-width: 225px) 100vw, 225px\" \/><\/a>\n\t\t\t<\/div><\/figure><figure class='gallery-item'>\n\t\t\t<div class='gallery-icon landscape'>\n\t\t\t\t<a data-elementor-open-lightbox=\"yes\" data-elementor-lightbox-slideshow=\"4339512\" data-elementor-lightbox-title=\"Y\u00d6KAK, ENQA 25. Y\u0131l Genel Kurulu\u2019na Kat\u0131ld\u0131 (6)\" data-e-action-hash=\"#elementor-action%3Aaction%3Dlightbox%26settings%3DeyJpZCI6NDI2NjQsInVybCI6Imh0dHBzOlwvXC93d3cueW9rYWsuZ292LnRyXC93cC1jb250ZW50XC91cGxvYWRzXC8yMDI1XC8xMFwvWU9LQUstRU5RQS0yNS4tWWlsLUdlbmVsLUt1cnVsdW5hLUthdGlsZGktNi5qcGVnIiwic2xpZGVzaG93IjoiNDMzOTUxMiJ9\" href='https:\/\/www.yokak.gov.tr\/wp-content\/uploads\/2025\/10\/YOKAK-ENQA-25.-Yil-Genel-Kuruluna-Katildi-6.jpeg'><img loading=\"lazy\" decoding=\"async\" width=\"300\" height=\"225\" src=\"https:\/\/www.yokak.gov.tr\/wp-content\/uploads\/2025\/10\/YOKAK-ENQA-25.-Yil-Genel-Kuruluna-Katildi-6-300x225.jpeg\" class=\"attachment-medium size-medium\" alt=\"\" srcset=\"https:\/\/www.yokak.gov.tr\/wp-content\/uploads\/2025\/10\/YOKAK-ENQA-25.-Yil-Genel-Kuruluna-Katildi-6-300x225.jpeg 300w, https:\/\/www.yokak.gov.tr\/wp-content\/uploads\/2025\/10\/YOKAK-ENQA-25.-Yil-Genel-Kuruluna-Katildi-6-1024x768.jpeg 1024w, https:\/\/www.yokak.gov.tr\/wp-content\/uploads\/2025\/10\/YOKAK-ENQA-25.-Yil-Genel-Kuruluna-Katildi-6-768x576.jpeg 768w, https:\/\/www.yokak.gov.tr\/wp-content\/uploads\/2025\/10\/YOKAK-ENQA-25.-Yil-Genel-Kuruluna-Katildi-6-1536x1152.jpeg 1536w, https:\/\/www.yokak.gov.tr\/wp-content\/uploads\/2025\/10\/YOKAK-ENQA-25.-Yil-Genel-Kuruluna-Katildi-6.jpeg 2000w\" sizes=\"(max-width: 300px) 100vw, 300px\" \/><\/a>\n\t\t\t<\/div><\/figure>\n\t\t<\/div>\n\t\t<\/div>\n\t\t\t\t\t\t<\/div>\n\t\t\t\t<\/div>\n\t\t\t\t\t<\/div>\n\t\t\t\t<\/div>\n\t\t\t\t<\/div>\n\t\t","protected":false},"excerpt":{"rendered":"<p>THEQC Represented at ENQA General Assembly Marking Its 25th Year Prof. \u00dcmit Kocab\u0131\u00e7ak, President of the Turkish Higher Education Quality Council (THEQC), attended the General Assembly of the European Association for Quality Assurance in Higher Education (ENQA) in Brussels between &hellip; <\/p>\n","protected":false},"author":8,"featured_media":42656,"comment_status":"closed","ping_status":"closed","sticky":false,"template":"","format":"standard","meta":{"footnotes":""},"categories":[193],"tags":[90,450,423],"class_list":["post-42681","post","type-post","status-publish","format-standard","has-post-thumbnail","hentry","category-news","tag-enqa","tag-general-assembly","tag-international-relations"],"yoast_head":"<!-- This site is optimized with the Yoast SEO plugin v27.0 - https:\/\/yoast.com\/product\/yoast-seo-wordpress\/ -->\n<title>THEQC Represented at ENQA General Assembly Marking Its 25th Year - Y\u00fcksek\u00f6\u011fretim Kalite Kurulu Ba\u015fkanl\u0131\u011f\u0131<\/title>\n<meta name=\"robots\" content=\"index, follow, max-snippet:-1, max-image-preview:large, max-video-preview:-1\" \/>\n<link rel=\"canonical\" href=\"https:\/\/www.yokak.gov.tr\/en\/2025\/10\/30\/theqc-represented-at-enqa-general-assembly-marking-its-25th-year\/\" \/>\n<meta property=\"og:locale\" content=\"en_US\" \/>\n<meta property=\"og:type\" content=\"article\" \/>\n<meta property=\"og:title\" content=\"THEQC Represented at ENQA General Assembly Marking Its 25th Year - Y\u00fcksek\u00f6\u011fretim Kalite Kurulu Ba\u015fkanl\u0131\u011f\u0131\" \/>\n<meta property=\"og:description\" content=\"THEQC Represented at ENQA General Assembly Marking Its 25th Year Prof. \u00dcmit Kocab\u0131\u00e7ak, President of the Turkish Higher Education Quality Council (THEQC), attended the General Assembly of the European Association for Quality Assurance in Higher Education (ENQA) in Brussels between &hellip;\" \/>\n<meta property=\"og:url\" content=\"https:\/\/www.yokak.gov.tr\/en\/2025\/10\/30\/theqc-represented-at-enqa-general-assembly-marking-its-25th-year\/\" \/>\n<meta property=\"og:site_name\" content=\"Y\u00fcksek\u00f6\u011fretim Kalite Kurulu Ba\u015fkanl\u0131\u011f\u0131\" \/>\n<meta property=\"article:published_time\" content=\"2025-10-30T07:27:55+00:00\" \/>\n<meta property=\"article:modified_time\" content=\"2025-10-31T07:54:24+00:00\" \/>\n<meta property=\"og:image\" content=\"https:\/\/www.yokak.gov.tr\/wp-content\/uploads\/2025\/10\/YOKAK-ENQA-25.-Yil-Genel-Kuruluna-Katildi-2.jpeg\" \/>\n\t<meta property=\"og:image:width\" content=\"1920\" \/>\n\t<meta property=\"og:image:height\" content=\"1280\" \/>\n\t<meta property=\"og:image:type\" content=\"image\/jpeg\" \/>\n<meta name=\"author\" content=\"Semih Top\u00e7u\" \/>\n<meta name=\"twitter:card\" content=\"summary_large_image\" \/>\n<meta name=\"twitter:creator\" content=\"@ykalitekurulu\" \/>\n<meta name=\"twitter:site\" content=\"@ykalitekurulu\" \/>\n<meta name=\"twitter:label1\" content=\"Written by\" \/>\n\t<meta name=\"twitter:data1\" content=\"Semih Top\u00e7u\" \/>\n\t<meta name=\"twitter:label2\" content=\"Est. reading time\" \/>\n\t<meta name=\"twitter:data2\" content=\"3 minutes\" \/>\n<script type=\"application\/ld+json\" class=\"yoast-schema-graph\">{\"@context\":\"https:\/\/schema.org\",\"@graph\":[{\"@type\":\"Article\",\"@id\":\"https:\/\/www.yokak.gov.tr\/en\/2025\/10\/30\/theqc-represented-at-enqa-general-assembly-marking-its-25th-year\/#article\",\"isPartOf\":{\"@id\":\"https:\/\/www.yokak.gov.tr\/en\/2025\/10\/30\/theqc-represented-at-enqa-general-assembly-marking-its-25th-year\/\"},\"author\":{\"name\":\"Semih Top\u00e7u\",\"@id\":\"https:\/\/www.yokak.gov.tr\/#\/schema\/person\/ff17f6677c14e78b2871fcefaebdaed3\"},\"headline\":\"THEQC Represented at ENQA General Assembly Marking Its 25th Year\",\"datePublished\":\"2025-10-30T07:27:55+00:00\",\"dateModified\":\"2025-10-31T07:54:24+00:00\",\"mainEntityOfPage\":{\"@id\":\"https:\/\/www.yokak.gov.tr\/en\/2025\/10\/30\/theqc-represented-at-enqa-general-assembly-marking-its-25th-year\/\"},\"wordCount\":276,\"image\":{\"@id\":\"https:\/\/www.yokak.gov.tr\/en\/2025\/10\/30\/theqc-represented-at-enqa-general-assembly-marking-its-25th-year\/#primaryimage\"},\"thumbnailUrl\":\"https:\/\/www.yokak.gov.tr\/wp-content\/uploads\/2025\/10\/YOKAK-ENQA-25.-Yil-Genel-Kuruluna-Katildi-2.jpeg\",\"keywords\":[\"ENQA\",\"General Assembly\",\"International Relations\"],\"articleSection\":[\"News\"],\"inLanguage\":\"en-US\"},{\"@type\":\"WebPage\",\"@id\":\"https:\/\/www.yokak.gov.tr\/en\/2025\/10\/30\/theqc-represented-at-enqa-general-assembly-marking-its-25th-year\/\",\"url\":\"https:\/\/www.yokak.gov.tr\/en\/2025\/10\/30\/theqc-represented-at-enqa-general-assembly-marking-its-25th-year\/\",\"name\":\"THEQC Represented at ENQA General Assembly Marking Its 25th Year - Y\u00fcksek\u00f6\u011fretim Kalite Kurulu Ba\u015fkanl\u0131\u011f\u0131\",\"isPartOf\":{\"@id\":\"https:\/\/www.yokak.gov.tr\/#website\"},\"primaryImageOfPage\":{\"@id\":\"https:\/\/www.yokak.gov.tr\/en\/2025\/10\/30\/theqc-represented-at-enqa-general-assembly-marking-its-25th-year\/#primaryimage\"},\"image\":{\"@id\":\"https:\/\/www.yokak.gov.tr\/en\/2025\/10\/30\/theqc-represented-at-enqa-general-assembly-marking-its-25th-year\/#primaryimage\"},\"thumbnailUrl\":\"https:\/\/www.yokak.gov.tr\/wp-content\/uploads\/2025\/10\/YOKAK-ENQA-25.-Yil-Genel-Kuruluna-Katildi-2.jpeg\",\"datePublished\":\"2025-10-30T07:27:55+00:00\",\"dateModified\":\"2025-10-31T07:54:24+00:00\",\"author\":{\"@id\":\"https:\/\/www.yokak.gov.tr\/#\/schema\/person\/ff17f6677c14e78b2871fcefaebdaed3\"},\"breadcrumb\":{\"@id\":\"https:\/\/www.yokak.gov.tr\/en\/2025\/10\/30\/theqc-represented-at-enqa-general-assembly-marking-its-25th-year\/#breadcrumb\"},\"inLanguage\":\"en-US\",\"potentialAction\":[{\"@type\":\"ReadAction\",\"target\":[\"https:\/\/www.yokak.gov.tr\/en\/2025\/10\/30\/theqc-represented-at-enqa-general-assembly-marking-its-25th-year\/\"]}]},{\"@type\":\"ImageObject\",\"inLanguage\":\"en-US\",\"@id\":\"https:\/\/www.yokak.gov.tr\/en\/2025\/10\/30\/theqc-represented-at-enqa-general-assembly-marking-its-25th-year\/#primaryimage\",\"url\":\"https:\/\/www.yokak.gov.tr\/wp-content\/uploads\/2025\/10\/YOKAK-ENQA-25.-Yil-Genel-Kuruluna-Katildi-2.jpeg\",\"contentUrl\":\"https:\/\/www.yokak.gov.tr\/wp-content\/uploads\/2025\/10\/YOKAK-ENQA-25.-Yil-Genel-Kuruluna-Katildi-2.jpeg\",\"width\":1920,\"height\":1280},{\"@type\":\"BreadcrumbList\",\"@id\":\"https:\/\/www.yokak.gov.tr\/en\/2025\/10\/30\/theqc-represented-at-enqa-general-assembly-marking-its-25th-year\/#breadcrumb\",\"itemListElement\":[{\"@type\":\"ListItem\",\"position\":1,\"name\":\"Anasayfa\",\"item\":\"https:\/\/www.yokak.gov.tr\/\"},{\"@type\":\"ListItem\",\"position\":2,\"name\":\"THEQC Represented at ENQA General Assembly Marking Its 25th Year\"}]},{\"@type\":\"WebSite\",\"@id\":\"https:\/\/www.yokak.gov.tr\/#website\",\"url\":\"https:\/\/www.yokak.gov.tr\/\",\"name\":\"Y\u00d6KAK\",\"description\":\"Y\u00fcksek\u00f6\u011fretim Kalite Kurulu Ba\u015fkanl\u0131\u011f\u0131\",\"potentialAction\":[{\"@type\":\"SearchAction\",\"target\":{\"@type\":\"EntryPoint\",\"urlTemplate\":\"https:\/\/www.yokak.gov.tr\/?s={search_term_string}\"},\"query-input\":{\"@type\":\"PropertyValueSpecification\",\"valueRequired\":true,\"valueName\":\"search_term_string\"}}],\"inLanguage\":\"en-US\"},{\"@type\":\"Person\",\"@id\":\"https:\/\/www.yokak.gov.tr\/#\/schema\/person\/ff17f6677c14e78b2871fcefaebdaed3\",\"name\":\"Semih Top\u00e7u\",\"sameAs\":[\"https:\/\/www.yokak.gov.tr\"],\"url\":\"#\"}]}<\/script>\n<!-- \/ Yoast SEO plugin. -->","yoast_head_json":{"title":"THEQC Represented at ENQA General Assembly Marking Its 25th Year - Y\u00fcksek\u00f6\u011fretim Kalite Kurulu Ba\u015fkanl\u0131\u011f\u0131","robots":{"index":"index","follow":"follow","max-snippet":"max-snippet:-1","max-image-preview":"max-image-preview:large","max-video-preview":"max-video-preview:-1"},"canonical":"https:\/\/www.yokak.gov.tr\/en\/2025\/10\/30\/theqc-represented-at-enqa-general-assembly-marking-its-25th-year\/","og_locale":"en_US","og_type":"article","og_title":"THEQC Represented at ENQA General Assembly Marking Its 25th Year - Y\u00fcksek\u00f6\u011fretim Kalite Kurulu Ba\u015fkanl\u0131\u011f\u0131","og_description":"THEQC Represented at ENQA General Assembly Marking Its 25th Year Prof. \u00dcmit Kocab\u0131\u00e7ak, President of the Turkish Higher Education Quality Council (THEQC), attended the General Assembly of the European Association for Quality Assurance in Higher Education (ENQA) in Brussels between &hellip;","og_url":"https:\/\/www.yokak.gov.tr\/en\/2025\/10\/30\/theqc-represented-at-enqa-general-assembly-marking-its-25th-year\/","og_site_name":"Y\u00fcksek\u00f6\u011fretim Kalite Kurulu Ba\u015fkanl\u0131\u011f\u0131","article_published_time":"2025-10-30T07:27:55+00:00","article_modified_time":"2025-10-31T07:54:24+00:00","og_image":[{"width":1920,"height":1280,"url":"https:\/\/www.yokak.gov.tr\/wp-content\/uploads\/2025\/10\/YOKAK-ENQA-25.-Yil-Genel-Kuruluna-Katildi-2.jpeg","type":"image\/jpeg"}],"author":"Semih Top\u00e7u","twitter_card":"summary_large_image","twitter_creator":"@ykalitekurulu","twitter_site":"@ykalitekurulu","twitter_misc":{"Written by":"Semih Top\u00e7u","Est. reading time":"3 minutes"},"schema":{"@context":"https:\/\/schema.org","@graph":[{"@type":"Article","@id":"https:\/\/www.yokak.gov.tr\/en\/2025\/10\/30\/theqc-represented-at-enqa-general-assembly-marking-its-25th-year\/#article","isPartOf":{"@id":"https:\/\/www.yokak.gov.tr\/en\/2025\/10\/30\/theqc-represented-at-enqa-general-assembly-marking-its-25th-year\/"},"author":{"name":"Semih Top\u00e7u","@id":"https:\/\/www.yokak.gov.tr\/#\/schema\/person\/ff17f6677c14e78b2871fcefaebdaed3"},"headline":"THEQC Represented at ENQA General Assembly Marking Its 25th Year","datePublished":"2025-10-30T07:27:55+00:00","dateModified":"2025-10-31T07:54:24+00:00","mainEntityOfPage":{"@id":"https:\/\/www.yokak.gov.tr\/en\/2025\/10\/30\/theqc-represented-at-enqa-general-assembly-marking-its-25th-year\/"},"wordCount":276,"image":{"@id":"https:\/\/www.yokak.gov.tr\/en\/2025\/10\/30\/theqc-represented-at-enqa-general-assembly-marking-its-25th-year\/#primaryimage"},"thumbnailUrl":"https:\/\/www.yokak.gov.tr\/wp-content\/uploads\/2025\/10\/YOKAK-ENQA-25.-Yil-Genel-Kuruluna-Katildi-2.jpeg","keywords":["ENQA","General Assembly","International Relations"],"articleSection":["News"],"inLanguage":"en-US"},{"@type":"WebPage","@id":"https:\/\/www.yokak.gov.tr\/en\/2025\/10\/30\/theqc-represented-at-enqa-general-assembly-marking-its-25th-year\/","url":"https:\/\/www.yokak.gov.tr\/en\/2025\/10\/30\/theqc-represented-at-enqa-general-assembly-marking-its-25th-year\/","name":"THEQC Represented at ENQA General Assembly Marking Its 25th Year - Y\u00fcksek\u00f6\u011fretim Kalite Kurulu Ba\u015fkanl\u0131\u011f\u0131","isPartOf":{"@id":"https:\/\/www.yokak.gov.tr\/#website"},"primaryImageOfPage":{"@id":"https:\/\/www.yokak.gov.tr\/en\/2025\/10\/30\/theqc-represented-at-enqa-general-assembly-marking-its-25th-year\/#primaryimage"},"image":{"@id":"https:\/\/www.yokak.gov.tr\/en\/2025\/10\/30\/theqc-represented-at-enqa-general-assembly-marking-its-25th-year\/#primaryimage"},"thumbnailUrl":"https:\/\/www.yokak.gov.tr\/wp-content\/uploads\/2025\/10\/YOKAK-ENQA-25.-Yil-Genel-Kuruluna-Katildi-2.jpeg","datePublished":"2025-10-30T07:27:55+00:00","dateModified":"2025-10-31T07:54:24+00:00","author":{"@id":"https:\/\/www.yokak.gov.tr\/#\/schema\/person\/ff17f6677c14e78b2871fcefaebdaed3"},"breadcrumb":{"@id":"https:\/\/www.yokak.gov.tr\/en\/2025\/10\/30\/theqc-represented-at-enqa-general-assembly-marking-its-25th-year\/#breadcrumb"},"inLanguage":"en-US","potentialAction":[{"@type":"ReadAction","target":["https:\/\/www.yokak.gov.tr\/en\/2025\/10\/30\/theqc-represented-at-enqa-general-assembly-marking-its-25th-year\/"]}]},{"@type":"ImageObject","inLanguage":"en-US","@id":"https:\/\/www.yokak.gov.tr\/en\/2025\/10\/30\/theqc-represented-at-enqa-general-assembly-marking-its-25th-year\/#primaryimage","url":"https:\/\/www.yokak.gov.tr\/wp-content\/uploads\/2025\/10\/YOKAK-ENQA-25.-Yil-Genel-Kuruluna-Katildi-2.jpeg","contentUrl":"https:\/\/www.yokak.gov.tr\/wp-content\/uploads\/2025\/10\/YOKAK-ENQA-25.-Yil-Genel-Kuruluna-Katildi-2.jpeg","width":1920,"height":1280},{"@type":"BreadcrumbList","@id":"https:\/\/www.yokak.gov.tr\/en\/2025\/10\/30\/theqc-represented-at-enqa-general-assembly-marking-its-25th-year\/#breadcrumb","itemListElement":[{"@type":"ListItem","position":1,"name":"Anasayfa","item":"https:\/\/www.yokak.gov.tr\/"},{"@type":"ListItem","position":2,"name":"THEQC Represented at ENQA General Assembly Marking Its 25th Year"}]},{"@type":"WebSite","@id":"https:\/\/www.yokak.gov.tr\/#website","url":"https:\/\/www.yokak.gov.tr\/","name":"Y\u00d6KAK","description":"Y\u00fcksek\u00f6\u011fretim Kalite Kurulu Ba\u015fkanl\u0131\u011f\u0131","potentialAction":[{"@type":"SearchAction","target":{"@type":"EntryPoint","urlTemplate":"https:\/\/www.yokak.gov.tr\/?s={search_term_string}"},"query-input":{"@type":"PropertyValueSpecification","valueRequired":true,"valueName":"search_term_string"}}],"inLanguage":"en-US"},{"@type":"Person","@id":"https:\/\/www.yokak.gov.tr\/#\/schema\/person\/ff17f6677c14e78b2871fcefaebdaed3","name":"Semih Top\u00e7u","sameAs":["https:\/\/www.yokak.gov.tr"],"url":"#"}]}},"_links":{"self":[{"href":"https:\/\/www.yokak.gov.tr\/en\/wp-json\/wp\/v2\/posts\/42681","targetHints":{"allow":["GET"]}}],"collection":[{"href":"https:\/\/www.yokak.gov.tr\/en\/wp-json\/wp\/v2\/posts"}],"about":[{"href":"https:\/\/www.yokak.gov.tr\/en\/wp-json\/wp\/v2\/types\/post"}],"author":[{"embeddable":true,"href":"https:\/\/www.yokak.gov.tr\/en\/wp-json\/wp\/v2\/users\/8"}],"replies":[{"embeddable":true,"href":"https:\/\/www.yokak.gov.tr\/en\/wp-json\/wp\/v2\/comments?post=42681"}],"version-history":[{"count":7,"href":"https:\/\/www.yokak.gov.tr\/en\/wp-json\/wp\/v2\/posts\/42681\/revisions"}],"predecessor-version":[{"id":42688,"href":"https:\/\/www.yokak.gov.tr\/en\/wp-json\/wp\/v2\/posts\/42681\/revisions\/42688"}],"wp:featuredmedia":[{"embeddable":true,"href":"https:\/\/www.yokak.gov.tr\/en\/wp-json\/wp\/v2\/media\/42656"}],"wp:attachment":[{"href":"https:\/\/www.yokak.gov.tr\/en\/wp-json\/wp\/v2\/media?parent=42681"}],"wp:term":[{"taxonomy":"category","embeddable":true,"href":"https:\/\/www.yokak.gov.tr\/en\/wp-json\/wp\/v2\/categories?post=42681"},{"taxonomy":"post_tag","embeddable":true,"href":"https:\/\/www.yokak.gov.tr\/en\/wp-json\/wp\/v2\/tags?post=42681"}],"curies":[{"name":"wp","href":"https:\/\/api.w.org\/{rel}","templated":true}]}}