{"id":28409,"date":"2024-11-25T08:43:57","date_gmt":"2024-11-25T08:43:57","guid":{"rendered":"https:\/\/wp.yokak.gov.tr\/?p=28409"},"modified":"2024-12-12T12:53:49","modified_gmt":"2024-12-12T12:53:49","slug":"meeting-of-theqc-with-the-presidential-educational-policies-council","status":"publish","type":"post","link":"https:\/\/www.yokak.gov.tr\/en\/2024\/11\/25\/meeting-of-theqc-with-the-presidential-educational-policies-council\/","title":{"rendered":"Meeting of THEQC with the Presidential Educational Policies Council"},"content":{"rendered":"\t\t<div data-elementor-type=\"wp-post\" data-elementor-id=\"28409\" class=\"elementor elementor-28409 elementor-28380\" data-elementor-post-type=\"post\">\n\t\t\t\t<div class=\"elementor-element elementor-element-c29d69f e-con-full e-flex e-con e-parent\" data-id=\"c29d69f\" data-element_type=\"container\" data-e-type=\"container\">\n\t\t\t\t<div class=\"elementor-element elementor-element-1f25c40 thim-ekits-heading-text-left elementor-widget thim-ekits-heading elementor-widget-thim-heading\" data-id=\"1f25c40\" data-element_type=\"widget\" data-e-type=\"widget\" data-widget_type=\"thim-heading.default\">\n\t\t\t\t<div class=\"elementor-widget-container\">\n\t\t\t\t\t<div class=\"sc_heading text-left\"><h3 class=\"title\">Meeting of THEQC with the Presidential Educational Policies Council <\/h3><span class=\"line\"><\/span><\/div>\t\t\t\t<\/div>\n\t\t\t\t<\/div>\n\t\t\t\t<\/div>\n\t\t<div class=\"elementor-element elementor-element-b8a8e97 e-con-full e-flex e-con e-parent\" data-id=\"b8a8e97\" data-element_type=\"container\" data-e-type=\"container\">\n\t\t\t\t<div class=\"elementor-element elementor-element-e353b72 elementor-widget elementor-widget-text-editor\" data-id=\"e353b72\" data-element_type=\"widget\" data-e-type=\"widget\" data-widget_type=\"text-editor.default\">\n\t\t\t\t<div class=\"elementor-widget-container\">\n\t\t\t\t\t\t\t\t\t<p>Prof. \u00dcmit Kocab\u0131\u00e7ak, THEQC President, and Mehmet Y\u0131lmaz, THEQC Secretary-General, met with the Presidential Educational Policies Council at \u00c7ankaya Palace on 22 November 2024.\u00a0<\/p><p>President Kocab\u0131\u00e7ak made a presentation on &#8220;The Importance of Quality Assurance Systems and Accreditations in Higher Education,&#8221; and the representatives of THEQC and the Presidential Council exchanged views about quality assurance in higher education at the meeting.<\/p>\t\t\t\t\t\t\t\t<\/div>\n\t\t\t\t<\/div>\n\t\t\t\t<\/div>\n\t\t\t\t<\/div>\n\t\t","protected":false},"excerpt":{"rendered":"<p>Meeting of THEQC with the Presidential Educational Policies Council Prof. \u00dcmit Kocab\u0131\u00e7ak, THEQC President, and Mehmet Y\u0131lmaz, THEQC Secretary-General, met with the Presidential Educational Policies Council at \u00c7ankaya Palace on 22 November 2024.\u00a0 President Kocab\u0131\u00e7ak made a presentation on &#8220;The &hellip; <\/p>\n","protected":false},"author":1,"featured_media":32995,"comment_status":"closed","ping_status":"open","sticky":false,"template":"","format":"standard","meta":{"footnotes":""},"categories":[193],"tags":[],"class_list":["post-28409","post","type-post","status-publish","format-standard","has-post-thumbnail","hentry","category-news"],"yoast_head":"<!-- This site is optimized with the Yoast SEO plugin v27.0 - https:\/\/yoast.com\/product\/yoast-seo-wordpress\/ -->\n<title>Meeting of THEQC with the Presidential Educational Policies Council - Y\u00fcksek\u00f6\u011fretim Kalite Kurulu Ba\u015fkanl\u0131\u011f\u0131<\/title>\n<meta name=\"robots\" content=\"index, follow, max-snippet:-1, max-image-preview:large, max-video-preview:-1\" \/>\n<link rel=\"canonical\" href=\"https:\/\/www.yokak.gov.tr\/en\/2024\/11\/25\/meeting-of-theqc-with-the-presidential-educational-policies-council\/\" \/>\n<meta property=\"og:locale\" content=\"en_US\" \/>\n<meta property=\"og:type\" content=\"article\" \/>\n<meta property=\"og:title\" content=\"Meeting of THEQC with the Presidential Educational Policies Council - Y\u00fcksek\u00f6\u011fretim Kalite Kurulu Ba\u015fkanl\u0131\u011f\u0131\" \/>\n<meta property=\"og:description\" content=\"Meeting of THEQC with the Presidential Educational Policies Council Prof. \u00dcmit Kocab\u0131\u00e7ak, THEQC President, and Mehmet Y\u0131lmaz, THEQC Secretary-General, met with the Presidential Educational Policies Council at \u00c7ankaya Palace on 22 November 2024.\u00a0 President Kocab\u0131\u00e7ak made a presentation on &#8220;The &hellip;\" \/>\n<meta property=\"og:url\" content=\"https:\/\/www.yokak.gov.tr\/en\/2024\/11\/25\/meeting-of-theqc-with-the-presidential-educational-policies-council\/\" \/>\n<meta property=\"og:site_name\" content=\"Y\u00fcksek\u00f6\u011fretim Kalite Kurulu Ba\u015fkanl\u0131\u011f\u0131\" \/>\n<meta property=\"article:published_time\" content=\"2024-11-25T08:43:57+00:00\" \/>\n<meta property=\"article:modified_time\" content=\"2024-12-12T12:53:49+00:00\" \/>\n<meta property=\"og:image\" content=\"https:\/\/www.yokak.gov.tr\/wp-content\/uploads\/2024\/11\/cumhurbaskanligi-egitim-politikalari-kurulu-ziyaret-1.jpeg\" \/>\n\t<meta property=\"og:image:width\" content=\"1454\" \/>\n\t<meta property=\"og:image:height\" content=\"1090\" \/>\n\t<meta property=\"og:image:type\" content=\"image\/jpeg\" \/>\n<meta name=\"author\" content=\"4906235781\" \/>\n<meta name=\"twitter:card\" content=\"summary_large_image\" \/>\n<meta name=\"twitter:creator\" content=\"@ykalitekurulu\" \/>\n<meta name=\"twitter:site\" content=\"@ykalitekurulu\" \/>\n<meta name=\"twitter:label1\" content=\"Written by\" \/>\n\t<meta name=\"twitter:data1\" content=\"4906235781\" \/>\n\t<meta name=\"twitter:label2\" content=\"Est. reading time\" \/>\n\t<meta name=\"twitter:data2\" content=\"1 minute\" \/>\n<script type=\"application\/ld+json\" class=\"yoast-schema-graph\">{\"@context\":\"https:\/\/schema.org\",\"@graph\":[{\"@type\":\"Article\",\"@id\":\"https:\/\/www.yokak.gov.tr\/en\/2024\/11\/25\/meeting-of-theqc-with-the-presidential-educational-policies-council\/#article\",\"isPartOf\":{\"@id\":\"https:\/\/www.yokak.gov.tr\/en\/2024\/11\/25\/meeting-of-theqc-with-the-presidential-educational-policies-council\/\"},\"author\":{\"name\":\"4906235781\",\"@id\":\"https:\/\/www.yokak.gov.tr\/#\/schema\/person\/1d7803002c30cdaa261540d807936c9b\"},\"headline\":\"Meeting of THEQC with the Presidential Educational Policies Council\",\"datePublished\":\"2024-11-25T08:43:57+00:00\",\"dateModified\":\"2024-12-12T12:53:49+00:00\",\"mainEntityOfPage\":{\"@id\":\"https:\/\/www.yokak.gov.tr\/en\/2024\/11\/25\/meeting-of-theqc-with-the-presidential-educational-policies-council\/\"},\"wordCount\":80,\"image\":{\"@id\":\"https:\/\/www.yokak.gov.tr\/en\/2024\/11\/25\/meeting-of-theqc-with-the-presidential-educational-policies-council\/#primaryimage\"},\"thumbnailUrl\":\"https:\/\/www.yokak.gov.tr\/wp-content\/uploads\/2024\/11\/cumhurbaskanligi-egitim-politikalari-kurulu-ziyaret-2.jpeg\",\"articleSection\":[\"News\"],\"inLanguage\":\"en-US\"},{\"@type\":\"WebPage\",\"@id\":\"https:\/\/www.yokak.gov.tr\/en\/2024\/11\/25\/meeting-of-theqc-with-the-presidential-educational-policies-council\/\",\"url\":\"https:\/\/www.yokak.gov.tr\/en\/2024\/11\/25\/meeting-of-theqc-with-the-presidential-educational-policies-council\/\",\"name\":\"Meeting of THEQC with the Presidential Educational Policies Council - Y\u00fcksek\u00f6\u011fretim Kalite Kurulu Ba\u015fkanl\u0131\u011f\u0131\",\"isPartOf\":{\"@id\":\"https:\/\/www.yokak.gov.tr\/#website\"},\"primaryImageOfPage\":{\"@id\":\"https:\/\/www.yokak.gov.tr\/en\/2024\/11\/25\/meeting-of-theqc-with-the-presidential-educational-policies-council\/#primaryimage\"},\"image\":{\"@id\":\"https:\/\/www.yokak.gov.tr\/en\/2024\/11\/25\/meeting-of-theqc-with-the-presidential-educational-policies-council\/#primaryimage\"},\"thumbnailUrl\":\"https:\/\/www.yokak.gov.tr\/wp-content\/uploads\/2024\/11\/cumhurbaskanligi-egitim-politikalari-kurulu-ziyaret-2.jpeg\",\"datePublished\":\"2024-11-25T08:43:57+00:00\",\"dateModified\":\"2024-12-12T12:53:49+00:00\",\"author\":{\"@id\":\"https:\/\/www.yokak.gov.tr\/#\/schema\/person\/1d7803002c30cdaa261540d807936c9b\"},\"breadcrumb\":{\"@id\":\"https:\/\/www.yokak.gov.tr\/en\/2024\/11\/25\/meeting-of-theqc-with-the-presidential-educational-policies-council\/#breadcrumb\"},\"inLanguage\":\"en-US\",\"potentialAction\":[{\"@type\":\"ReadAction\",\"target\":[\"https:\/\/www.yokak.gov.tr\/en\/2024\/11\/25\/meeting-of-theqc-with-the-presidential-educational-policies-council\/\"]}]},{\"@type\":\"ImageObject\",\"inLanguage\":\"en-US\",\"@id\":\"https:\/\/www.yokak.gov.tr\/en\/2024\/11\/25\/meeting-of-theqc-with-the-presidential-educational-policies-council\/#primaryimage\",\"url\":\"https:\/\/www.yokak.gov.tr\/wp-content\/uploads\/2024\/11\/cumhurbaskanligi-egitim-politikalari-kurulu-ziyaret-2.jpeg\",\"contentUrl\":\"https:\/\/www.yokak.gov.tr\/wp-content\/uploads\/2024\/11\/cumhurbaskanligi-egitim-politikalari-kurulu-ziyaret-2.jpeg\",\"width\":1454,\"height\":969},{\"@type\":\"BreadcrumbList\",\"@id\":\"https:\/\/www.yokak.gov.tr\/en\/2024\/11\/25\/meeting-of-theqc-with-the-presidential-educational-policies-council\/#breadcrumb\",\"itemListElement\":[{\"@type\":\"ListItem\",\"position\":1,\"name\":\"Anasayfa\",\"item\":\"https:\/\/www.yokak.gov.tr\/\"},{\"@type\":\"ListItem\",\"position\":2,\"name\":\"Meeting of THEQC with the Presidential Educational Policies Council\"}]},{\"@type\":\"WebSite\",\"@id\":\"https:\/\/www.yokak.gov.tr\/#website\",\"url\":\"https:\/\/www.yokak.gov.tr\/\",\"name\":\"Y\u00d6KAK\",\"description\":\"Y\u00fcksek\u00f6\u011fretim Kalite Kurulu Ba\u015fkanl\u0131\u011f\u0131\",\"potentialAction\":[{\"@type\":\"SearchAction\",\"target\":{\"@type\":\"EntryPoint\",\"urlTemplate\":\"https:\/\/www.yokak.gov.tr\/?s={search_term_string}\"},\"query-input\":{\"@type\":\"PropertyValueSpecification\",\"valueRequired\":true,\"valueName\":\"search_term_string\"}}],\"inLanguage\":\"en-US\"},{\"@type\":\"Person\",\"@id\":\"https:\/\/www.yokak.gov.tr\/#\/schema\/person\/1d7803002c30cdaa261540d807936c9b\",\"name\":\"4906235781\",\"sameAs\":[\"https:\/\/www.yokak.gov.tr\"],\"url\":\"#\"}]}<\/script>\n<!-- \/ Yoast SEO plugin. -->","yoast_head_json":{"title":"Meeting of THEQC with the Presidential Educational Policies Council - Y\u00fcksek\u00f6\u011fretim Kalite Kurulu Ba\u015fkanl\u0131\u011f\u0131","robots":{"index":"index","follow":"follow","max-snippet":"max-snippet:-1","max-image-preview":"max-image-preview:large","max-video-preview":"max-video-preview:-1"},"canonical":"https:\/\/www.yokak.gov.tr\/en\/2024\/11\/25\/meeting-of-theqc-with-the-presidential-educational-policies-council\/","og_locale":"en_US","og_type":"article","og_title":"Meeting of THEQC with the Presidential Educational Policies Council - Y\u00fcksek\u00f6\u011fretim Kalite Kurulu Ba\u015fkanl\u0131\u011f\u0131","og_description":"Meeting of THEQC with the Presidential Educational Policies Council Prof. \u00dcmit Kocab\u0131\u00e7ak, THEQC President, and Mehmet Y\u0131lmaz, THEQC Secretary-General, met with the Presidential Educational Policies Council at \u00c7ankaya Palace on 22 November 2024.\u00a0 President Kocab\u0131\u00e7ak made a presentation on &#8220;The &hellip;","og_url":"https:\/\/www.yokak.gov.tr\/en\/2024\/11\/25\/meeting-of-theqc-with-the-presidential-educational-policies-council\/","og_site_name":"Y\u00fcksek\u00f6\u011fretim Kalite Kurulu Ba\u015fkanl\u0131\u011f\u0131","article_published_time":"2024-11-25T08:43:57+00:00","article_modified_time":"2024-12-12T12:53:49+00:00","og_image":[{"width":1454,"height":1090,"url":"https:\/\/www.yokak.gov.tr\/wp-content\/uploads\/2024\/11\/cumhurbaskanligi-egitim-politikalari-kurulu-ziyaret-1.jpeg","type":"image\/jpeg"}],"author":"4906235781","twitter_card":"summary_large_image","twitter_creator":"@ykalitekurulu","twitter_site":"@ykalitekurulu","twitter_misc":{"Written by":"4906235781","Est. reading time":"1 minute"},"schema":{"@context":"https:\/\/schema.org","@graph":[{"@type":"Article","@id":"https:\/\/www.yokak.gov.tr\/en\/2024\/11\/25\/meeting-of-theqc-with-the-presidential-educational-policies-council\/#article","isPartOf":{"@id":"https:\/\/www.yokak.gov.tr\/en\/2024\/11\/25\/meeting-of-theqc-with-the-presidential-educational-policies-council\/"},"author":{"name":"4906235781","@id":"https:\/\/www.yokak.gov.tr\/#\/schema\/person\/1d7803002c30cdaa261540d807936c9b"},"headline":"Meeting of THEQC with the Presidential Educational Policies Council","datePublished":"2024-11-25T08:43:57+00:00","dateModified":"2024-12-12T12:53:49+00:00","mainEntityOfPage":{"@id":"https:\/\/www.yokak.gov.tr\/en\/2024\/11\/25\/meeting-of-theqc-with-the-presidential-educational-policies-council\/"},"wordCount":80,"image":{"@id":"https:\/\/www.yokak.gov.tr\/en\/2024\/11\/25\/meeting-of-theqc-with-the-presidential-educational-policies-council\/#primaryimage"},"thumbnailUrl":"https:\/\/www.yokak.gov.tr\/wp-content\/uploads\/2024\/11\/cumhurbaskanligi-egitim-politikalari-kurulu-ziyaret-2.jpeg","articleSection":["News"],"inLanguage":"en-US"},{"@type":"WebPage","@id":"https:\/\/www.yokak.gov.tr\/en\/2024\/11\/25\/meeting-of-theqc-with-the-presidential-educational-policies-council\/","url":"https:\/\/www.yokak.gov.tr\/en\/2024\/11\/25\/meeting-of-theqc-with-the-presidential-educational-policies-council\/","name":"Meeting of THEQC with the Presidential Educational Policies Council - Y\u00fcksek\u00f6\u011fretim Kalite Kurulu Ba\u015fkanl\u0131\u011f\u0131","isPartOf":{"@id":"https:\/\/www.yokak.gov.tr\/#website"},"primaryImageOfPage":{"@id":"https:\/\/www.yokak.gov.tr\/en\/2024\/11\/25\/meeting-of-theqc-with-the-presidential-educational-policies-council\/#primaryimage"},"image":{"@id":"https:\/\/www.yokak.gov.tr\/en\/2024\/11\/25\/meeting-of-theqc-with-the-presidential-educational-policies-council\/#primaryimage"},"thumbnailUrl":"https:\/\/www.yokak.gov.tr\/wp-content\/uploads\/2024\/11\/cumhurbaskanligi-egitim-politikalari-kurulu-ziyaret-2.jpeg","datePublished":"2024-11-25T08:43:57+00:00","dateModified":"2024-12-12T12:53:49+00:00","author":{"@id":"https:\/\/www.yokak.gov.tr\/#\/schema\/person\/1d7803002c30cdaa261540d807936c9b"},"breadcrumb":{"@id":"https:\/\/www.yokak.gov.tr\/en\/2024\/11\/25\/meeting-of-theqc-with-the-presidential-educational-policies-council\/#breadcrumb"},"inLanguage":"en-US","potentialAction":[{"@type":"ReadAction","target":["https:\/\/www.yokak.gov.tr\/en\/2024\/11\/25\/meeting-of-theqc-with-the-presidential-educational-policies-council\/"]}]},{"@type":"ImageObject","inLanguage":"en-US","@id":"https:\/\/www.yokak.gov.tr\/en\/2024\/11\/25\/meeting-of-theqc-with-the-presidential-educational-policies-council\/#primaryimage","url":"https:\/\/www.yokak.gov.tr\/wp-content\/uploads\/2024\/11\/cumhurbaskanligi-egitim-politikalari-kurulu-ziyaret-2.jpeg","contentUrl":"https:\/\/www.yokak.gov.tr\/wp-content\/uploads\/2024\/11\/cumhurbaskanligi-egitim-politikalari-kurulu-ziyaret-2.jpeg","width":1454,"height":969},{"@type":"BreadcrumbList","@id":"https:\/\/www.yokak.gov.tr\/en\/2024\/11\/25\/meeting-of-theqc-with-the-presidential-educational-policies-council\/#breadcrumb","itemListElement":[{"@type":"ListItem","position":1,"name":"Anasayfa","item":"https:\/\/www.yokak.gov.tr\/"},{"@type":"ListItem","position":2,"name":"Meeting of THEQC with the Presidential Educational Policies Council"}]},{"@type":"WebSite","@id":"https:\/\/www.yokak.gov.tr\/#website","url":"https:\/\/www.yokak.gov.tr\/","name":"Y\u00d6KAK","description":"Y\u00fcksek\u00f6\u011fretim Kalite Kurulu Ba\u015fkanl\u0131\u011f\u0131","potentialAction":[{"@type":"SearchAction","target":{"@type":"EntryPoint","urlTemplate":"https:\/\/www.yokak.gov.tr\/?s={search_term_string}"},"query-input":{"@type":"PropertyValueSpecification","valueRequired":true,"valueName":"search_term_string"}}],"inLanguage":"en-US"},{"@type":"Person","@id":"https:\/\/www.yokak.gov.tr\/#\/schema\/person\/1d7803002c30cdaa261540d807936c9b","name":"4906235781","sameAs":["https:\/\/www.yokak.gov.tr"],"url":"#"}]}},"_links":{"self":[{"href":"https:\/\/www.yokak.gov.tr\/en\/wp-json\/wp\/v2\/posts\/28409","targetHints":{"allow":["GET"]}}],"collection":[{"href":"https:\/\/www.yokak.gov.tr\/en\/wp-json\/wp\/v2\/posts"}],"about":[{"href":"https:\/\/www.yokak.gov.tr\/en\/wp-json\/wp\/v2\/types\/post"}],"author":[{"embeddable":true,"href":"https:\/\/www.yokak.gov.tr\/en\/wp-json\/wp\/v2\/users\/1"}],"replies":[{"embeddable":true,"href":"https:\/\/www.yokak.gov.tr\/en\/wp-json\/wp\/v2\/comments?post=28409"}],"version-history":[{"count":7,"href":"https:\/\/www.yokak.gov.tr\/en\/wp-json\/wp\/v2\/posts\/28409\/revisions"}],"predecessor-version":[{"id":29258,"href":"https:\/\/www.yokak.gov.tr\/en\/wp-json\/wp\/v2\/posts\/28409\/revisions\/29258"}],"wp:featuredmedia":[{"embeddable":true,"href":"https:\/\/www.yokak.gov.tr\/en\/wp-json\/wp\/v2\/media\/32995"}],"wp:attachment":[{"href":"https:\/\/www.yokak.gov.tr\/en\/wp-json\/wp\/v2\/media?parent=28409"}],"wp:term":[{"taxonomy":"category","embeddable":true,"href":"https:\/\/www.yokak.gov.tr\/en\/wp-json\/wp\/v2\/categories?post=28409"},{"taxonomy":"post_tag","embeddable":true,"href":"https:\/\/www.yokak.gov.tr\/en\/wp-json\/wp\/v2\/tags?post=28409"}],"curies":[{"name":"wp","href":"https:\/\/api.w.org\/{rel}","templated":true}]}}